{"id":2758,"date":"2024-09-24T14:26:37","date_gmt":"2024-09-24T14:26:37","guid":{"rendered":"https:\/\/www.edih-rheinland.eu\/?p=2758"},"modified":"2025-09-04T12:02:58","modified_gmt":"2025-09-04T12:02:58","slug":"ki-erfolgreich-im-unternehmen-umsetzen","status":"publish","type":"post","link":"https:\/\/www.edih-rheinland.eu\/en\/ki-erfolgreich-im-unternehmen-umsetzen\/","title":{"rendered":"Using AI successfully in your company"},"content":{"rendered":"<p><div class=\"fusion-fullwidth fullwidth-box fusion-builder-row-1 fusion-flex-container has-pattern-background has-mask-background nonhundred-percent-fullwidth non-hundred-percent-height-scrolling\" style=\"--awb-border-radius-top-left:0px;--awb-border-radius-top-right:0px;--awb-border-radius-bottom-right:0px;--awb-border-radius-bottom-left:0px;--awb-background-color:var(--awb-color5);--awb-flex-wrap:wrap;\" ><div class=\"fusion-builder-row fusion-row fusion-flex-align-items-center fusion-flex-justify-content-center fusion-flex-content-wrap\" style=\"max-width:1456px;margin-left: calc(-4% \/ 2 );margin-right: calc(-4% \/ 2 );\"><div class=\"fusion-layout-column fusion_builder_column fusion-builder-column-0 fusion_builder_column_1_2 1_2 fusion-flex-column\" style=\"--awb-bg-size:cover;--awb-width-large:50%;--awb-margin-top-large:0px;--awb-spacing-right-large:3.84%;--awb-margin-bottom-large:20px;--awb-spacing-left-large:3.84%;--awb-width-medium:50%;--awb-order-medium:0;--awb-spacing-right-medium:3.84%;--awb-spacing-left-medium:3.84%;--awb-width-small:100%;--awb-order-small:0;--awb-spacing-right-small:1.92%;--awb-spacing-left-small:1.92%;\"><div class=\"fusion-column-wrapper fusion-column-has-shadow fusion-flex-justify-content-flex-start fusion-content-layout-column\"><div class=\"fusion-text fusion-text-1\"><h1 class=\"whitetxt\">On September 24, Innovation Valley Garzweiler invites you to a networking event with EDIH participation.<\/h1>\n<h3><span style=\"color: #ffffff;\">In the Input and in the Workshop-part of it will go to AI in their daily work<\/span><\/h3>\n<\/div><\/div><\/div><div class=\"fusion-layout-column fusion_builder_column fusion-builder-column-1 fusion_builder_column_1_2 1_2 fusion-flex-column\" style=\"--awb-bg-size:cover;--awb-width-large:50%;--awb-margin-top-large:4%;--awb-spacing-right-large:3.84%;--awb-margin-bottom-large:4%;--awb-spacing-left-large:3.84%;--awb-width-medium:50%;--awb-order-medium:0;--awb-spacing-right-medium:3.84%;--awb-spacing-left-medium:3.84%;--awb-width-small:100%;--awb-order-small:0;--awb-spacing-right-small:1.92%;--awb-spacing-left-small:1.92%;\" data-scroll-devices=\"small-visibility,medium-visibility,large-visibility\"><div class=\"fusion-column-wrapper fusion-column-has-shadow fusion-flex-justify-content-flex-start fusion-content-layout-column\"><div class=\"awb-image-hotspots awb-image-hotspots-1\"><div class=\"awb-image-hotspots-wrapper\"><img decoding=\"async\" src=\"https:\/\/www.edih-rheinland.eu\/wp-content\/uploads\/2024\/09\/IVG_Logo_4c_gross-mit-weissen-Hintergrund-800x288.png\" alt=\"Netzwerkveranstaltung im Kreis Heinsberg\" width=\"800\" height=\"288\" title=\"IVG_Logo_4c_gross\u2013with-white-Background\" class=\"awb-image-hotspots-image wp-image-2762\" srcset=\"https:\/\/www.edih-rheinland.eu\/wp-content\/uploads\/2024\/09\/IVG_Logo_4c_gross-mit-weissen-Hintergrund-18x6.png 18w, https:\/\/www.edih-rheinland.eu\/wp-content\/uploads\/2024\/09\/IVG_Logo_4c_gross-mit-weissen-Hintergrund-200x72.png 200w, https:\/\/www.edih-rheinland.eu\/wp-content\/uploads\/2024\/09\/IVG_Logo_4c_gross-mit-weissen-Hintergrund-300x108.png 300w, https:\/\/www.edih-rheinland.eu\/wp-content\/uploads\/2024\/09\/IVG_Logo_4c_gross-mit-weissen-Hintergrund-400x144.png 400w, https:\/\/www.edih-rheinland.eu\/wp-content\/uploads\/2024\/09\/IVG_Logo_4c_gross-mit-weissen-Hintergrund-600x216.png 600w, https:\/\/www.edih-rheinland.eu\/wp-content\/uploads\/2024\/09\/IVG_Logo_4c_gross-mit-weissen-Hintergrund-768x277.png 768w, https:\/\/www.edih-rheinland.eu\/wp-content\/uploads\/2024\/09\/IVG_Logo_4c_gross-mit-weissen-Hintergrund-800x288.png 800w, https:\/\/www.edih-rheinland.eu\/wp-content\/uploads\/2024\/09\/IVG_Logo_4c_gross-mit-weissen-Hintergrund.png 960w\" sizes=\"(max-width: 960px) 100vw, 960px\"\/><\/div><\/div><div ><a class=\"fusion-button button-flat fusion-button-default-size button-default fusion-button-default button-1 fusion-button-default-span fusion-button-default-type\" style=\"--button-border-radius-top-left:5%;--button-border-radius-top-right:5%;--button-border-radius-bottom-right:5%;--button-border-radius-bottom-left:5%;--button_margin-top:3%;--button_margin-bottom:3%;\" target=\"_blank\" rel=\"noopener noreferrer\" title=\"Registration\" aria-label=\"Registration\" href=\"https:\/\/innovation-valley.de\/veranstaltung\/ki-erfolgreich-im-unternehmen-umsetzen\/\"><div class=\"awb-button__hover-content awb-button__hover-content--default awb-button__hover-content--centered\"><span class=\"fusion-button-text awb-button__text awb-button__text--hover\">The purpose of the Association of land-a result of Garzweiler<\/span><span class=\"fusion-button-text awb-button__text awb-button__text--default\">Registration<\/span><\/div><\/a><\/div><\/div><\/div><\/div><\/div><div class=\"fusion-fullwidth fullwidth-box fusion-builder-row-2 fusion-flex-container has-pattern-background has-mask-background nonhundred-percent-fullwidth non-hundred-percent-height-scrolling\" style=\"--awb-border-radius-top-left:0px;--awb-border-radius-top-right:0px;--awb-border-radius-bottom-right:0px;--awb-border-radius-bottom-left:0px;--awb-margin-top:5%;--awb-margin-bottom:5%;--awb-flex-wrap:wrap;\" ><div class=\"fusion-builder-row fusion-row fusion-flex-align-items-flex-start fusion-flex-content-wrap\" style=\"max-width:1456px;margin-left: calc(-4% \/ 2 );margin-right: calc(-4% \/ 2 );\"><div class=\"fusion-layout-column fusion_builder_column fusion-builder-column-2 fusion_builder_column_1_2 1_2 fusion-flex-column\" style=\"--awb-bg-size:cover;--awb-width-large:50%;--awb-margin-top-large:0px;--awb-spacing-right-large:3.84%;--awb-margin-bottom-large:20px;--awb-spacing-left-large:3.84%;--awb-width-medium:50%;--awb-order-medium:0;--awb-spacing-right-medium:3.84%;--awb-spacing-left-medium:3.84%;--awb-width-small:100%;--awb-order-small:0;--awb-spacing-right-small:1.92%;--awb-spacing-left-small:1.92%;\"><div class=\"fusion-column-wrapper fusion-column-has-shadow fusion-flex-justify-content-flex-start fusion-content-layout-column\"><div class=\"fusion-text fusion-text-2\"><div class=\"mec-single-event-description mec-events-content\">\n<h2 class=\"fusion-responsive-typography-calculated\" data-fontsize=\"55\" data-lineheight=\"66px\">Using AI successfully in your company<\/h2>\n<div class=\"nbp-beteiligung-text clearfix\">\n<div class=\"fusion-text fusion-text-2\">\n<h4>How can you implement Artificial intelligence and practical digital solutions successful in the business of everyday life?<\/h4>\n<p>This year's IVG network event in the district of Heinsberg will address this question. The event will take the form of a workshop and will feature a keynote speech as well as interactive working sessions. The aim is to work with participants to develop ready-to-implement approaches that can then be translated into concrete projects.<\/p>\n<\/div>\n<p>The event is aimed at small and medium-sized enterprises in the development area of the structural support in the project Innovation Valley Area who are interested in practical solutions and implementation strategies for the use of AI and a network of over circle borders want to build.<\/p>\n<p data-start=\"2539\" data-end=\"2659\" data-is-last-node=\"\" data-is-only-node=\"\">Project members of the EDIH Rhineland, such as <a href=\"https:\/\/www.edih-rheinland.eu\/en\/ueber-uns\/konsortium-netzwerk\/#fir\">the FIR<\/a>\u00a0and <a href=\"https:\/\/www.edih-rheinland.eu\/en\/ueber-uns\/konsortium-netzwerk\/#wzl\">the WZL<\/a> are involved in this event.<\/p>\n<\/div>\n<\/div>\n<\/div><\/div><\/div><div class=\"fusion-layout-column fusion_builder_column fusion-builder-column-3 fusion_builder_column_1_2 1_2 fusion-flex-column\" style=\"--awb-bg-size:cover;--awb-width-large:50%;--awb-margin-top-large:0px;--awb-spacing-right-large:3.84%;--awb-margin-bottom-large:20px;--awb-spacing-left-large:3.84%;--awb-width-medium:50%;--awb-order-medium:0;--awb-spacing-right-medium:3.84%;--awb-spacing-left-medium:3.84%;--awb-width-small:100%;--awb-order-small:0;--awb-spacing-right-small:1.92%;--awb-spacing-left-small:1.92%;\"><div class=\"fusion-column-wrapper fusion-column-has-shadow fusion-flex-justify-content-flex-start fusion-content-layout-column\"><div class=\"fusion-text fusion-text-3\"><h4><\/h4>\n<p><strong>When:<\/strong> Wednesday, 24.09.2025; 10:00 \u2013 13:00 Watch<br \/>\n<strong>Where:<\/strong> Vienco GmbH, Friedrich-List-Allee 57a; 41844 Wegberg<\/p>\n<h4><strong>Temporarily Agenda:<br \/>\n<\/strong><\/h4>\n<p data-start=\"1765\" data-end=\"1824\"><strong data-start=\"1765\" data-end=\"1786\">10:00 \u2013 10:15 PM<\/strong><br data-start=\"1786\" data-end=\"1789\" \/>Welcome by WFG &amp; Vienco GmbH<\/p>\n<p data-start=\"1826\" data-end=\"2012\"><strong data-start=\"1826\" data-end=\"1847\">10:15 \u2013 10:45 PM<\/strong><br data-start=\"1847\" data-end=\"1850\" \/>Keynote speakers:<br data-start=\"1864\" data-end=\"1867\" \/><em data-start=\"1867\" data-end=\"1940\">\"From the idea to the Integration of AI successfully implement them in the business\"<\/em><br data-start=\"1940\" data-end=\"1943\" \/>Speaker: <strong data-start=\"1953\" data-end=\"2010\">Berkan G\u00fcner, FIR e. V.\u00a0<\/strong><\/p>\n<p data-start=\"2014\" data-end=\"2060\"><strong data-start=\"2014\" data-end=\"2035\">10:45 \u2013 12:15 PM<\/strong><br data-start=\"2035\" data-end=\"2038\" \/>Joint Workshop (15-25 participating in a group)<br \/>\nStructure in three phases:<\/p>\n<ol>\n<li data-start=\"2014\" data-end=\"2060\"><strong>Identification of individual challenges<\/strong><br \/>\no collection of concrete User Stories from the company<\/li>\n<li data-start=\"2014\" data-end=\"2060\"><strong>Development of Use Cases<\/strong><br \/>\no Definition of functional requirements and relevant technologies<\/li>\n<li data-start=\"2014\" data-end=\"2060\"><strong>Prioritization of Use Cases<\/strong><br \/>\no assessment after effect, effort and feasibility<\/li>\n<\/ol>\n<p data-start=\"2144\" data-end=\"2249\"><strong>Target:<\/strong> Development of implementation approaches that can be converted into concrete projects.<\/p>\n<p data-start=\"2251\" data-end=\"2324\"><strong data-start=\"2251\" data-end=\"2272\">12:15 \u2013 12:30 PM<\/strong><br data-start=\"2272\" data-end=\"2275\" \/>Final round &amp; Outlook on possible follow-up projects<\/p>\n<p data-start=\"2326\" data-end=\"2412\"><strong data-start=\"2326\" data-end=\"2350\">12:30 \u2013 13:00<\/strong><br data-start=\"2350\" data-end=\"2353\" \/>Tour of the Vienco GmbH &amp; networks<\/p>\n<\/div><div class=\"fusion-builder-row fusion-builder-row-inner fusion-row fusion-flex-align-items-flex-start fusion-flex-content-wrap\" style=\"width:104% !important;max-width:104% !important;margin-left: calc(-4% \/ 2 );margin-right: calc(-4% \/ 2 );\"><div class=\"fusion-layout-column fusion_builder_column_inner fusion-builder-nested-column-0 fusion_builder_column_inner_1_2 1_2 fusion-flex-column\" style=\"--awb-bg-size:cover;--awb-width-large:50%;--awb-margin-top-large:0px;--awb-spacing-right-large:3.84%;--awb-margin-bottom-large:20px;--awb-spacing-left-large:3.84%;--awb-width-medium:50%;--awb-order-medium:0;--awb-spacing-right-medium:3.84%;--awb-spacing-left-medium:3.84%;--awb-width-small:100%;--awb-order-small:0;--awb-spacing-right-small:1.92%;--awb-spacing-left-small:1.92%;\"><div class=\"fusion-column-wrapper fusion-column-has-shadow fusion-flex-justify-content-flex-start fusion-content-layout-column\"><div ><a class=\"fusion-button button-flat fusion-button-default-size button-default fusion-button-default button-2 fusion-button-default-span fusion-button-default-type\" target=\"_self\" href=\"https:\/\/innovation-valley.de\/\"><div class=\"awb-button__hover-content awb-button__hover-content--default awb-button__hover-content--centered\"><span class=\"fusion-button-text awb-button__text awb-button__text--hover\">The purpose of the Association of land-a result of Garzweiler<\/span><span class=\"fusion-button-text awb-button__text awb-button__text--default\">Website of the Initiative<\/span><\/div><\/a><\/div><\/div><\/div><div class=\"fusion-layout-column fusion_builder_column_inner fusion-builder-nested-column-1 fusion_builder_column_inner_1_2 1_2 fusion-flex-column\" style=\"--awb-bg-size:cover;--awb-width-large:50%;--awb-margin-top-large:0px;--awb-spacing-right-large:3.84%;--awb-margin-bottom-large:20px;--awb-spacing-left-large:3.84%;--awb-width-medium:50%;--awb-order-medium:0;--awb-spacing-right-medium:3.84%;--awb-spacing-left-medium:3.84%;--awb-width-small:100%;--awb-order-small:0;--awb-spacing-right-small:1.92%;--awb-spacing-left-small:1.92%;\"><div class=\"fusion-column-wrapper fusion-column-has-shadow fusion-flex-justify-content-flex-start fusion-content-layout-column\"><div ><a class=\"fusion-button button-flat fusion-button-default-size button-default fusion-button-default button-3 fusion-button-default-span fusion-button-default-type\" target=\"_self\" href=\"https:\/\/www.wfg-kreis-heinsberg.de\/\"><div class=\"awb-button__hover-content awb-button__hover-content--default awb-button__hover-content--centered\"><span class=\"fusion-button-text awb-button__text awb-button__text--hover\">The economic development Agency for the district of Heinsberg mbH<\/span><span class=\"fusion-button-text awb-button__text awb-button__text--default\">Website WFG<\/span><\/div><\/a><\/div><\/div><\/div><\/div><\/div><\/div><\/div><\/div><\/p>","protected":false},"excerpt":{"rendered":"","protected":false},"author":4,"featured_media":2762,"comment_status":"closed","ping_status":"closed","sticky":false,"template":"","format":"standard","meta":{"footnotes":""},"categories":[4],"tags":[57,124,51,104,16,20,18,45,109,125,126,11,50],"class_list":["post-2758","post","type-post","status-publish","format-standard","has-post-thumbnail","hentry","category-veranstaltungen","tag-aachen","tag-dissemination","tag-fir","tag-heinsberg","tag-information","tag-intelligenz","tag-ki","tag-kuenstliche-intelligenz","tag-kuenstlich","tag-medizin","tag-wegberg","tag-workshop","tag-wzl"],"yoast_head":"<!-- This site is optimized with the Yoast SEO plugin v26.5 - https:\/\/yoast.com\/wordpress\/plugins\/seo\/ -->\n<title>KI erfolgreich im Unternehmen umsetzen - EDIH Rheinland<\/title>\n<meta name=\"description\" content=\"Workshop f\u00fcr KMUim Bereich des Innovat Valley Garzweiler, die an praxisnahen L\u00f6sungen f\u00fcr den Einsatz von KI interessiert sind\" \/>\n<meta name=\"robots\" content=\"index, follow, max-snippet:-1, max-image-preview:large, max-video-preview:-1\" \/>\n<link rel=\"canonical\" href=\"https:\/\/www.edih-rheinland.eu\/en\/ki-erfolgreich-im-unternehmen-umsetzen\/\" \/>\n<meta property=\"og:locale\" content=\"en_US\" \/>\n<meta property=\"og:type\" content=\"article\" \/>\n<meta property=\"og:title\" content=\"KI erfolgreich im Unternehmen umsetzen - EDIH Rheinland\" \/>\n<meta property=\"og:description\" content=\"Workshop f\u00fcr KMUim Bereich des Innovat Valley Garzweiler, die an praxisnahen L\u00f6sungen f\u00fcr den Einsatz von KI interessiert sind\" \/>\n<meta property=\"og:url\" content=\"https:\/\/www.edih-rheinland.eu\/en\/ki-erfolgreich-im-unternehmen-umsetzen\/\" \/>\n<meta property=\"og:site_name\" content=\"EDIH Rheinland\" \/>\n<meta property=\"article:published_time\" content=\"2024-09-24T14:26:37+00:00\" \/>\n<meta property=\"article:modified_time\" content=\"2025-09-04T12:02:58+00:00\" \/>\n<meta property=\"og:image\" content=\"https:\/\/www.edih-rheinland.eu\/wp-content\/uploads\/2024\/09\/IVG_Logo_4c_gross-mit-weissen-Hintergrund.png\" \/>\n\t<meta property=\"og:image:width\" content=\"960\" \/>\n\t<meta property=\"og:image:height\" content=\"346\" \/>\n\t<meta property=\"og:image:type\" content=\"image\/png\" \/>\n<meta name=\"author\" content=\"EDIH Admin\" \/>\n<meta name=\"twitter:card\" content=\"summary_large_image\" \/>\n<meta name=\"twitter:label1\" content=\"Written by\" \/>\n\t<meta name=\"twitter:data1\" content=\"EDIH Admin\" \/>\n\t<meta name=\"twitter:label2\" content=\"Est. reading time\" \/>\n\t<meta name=\"twitter:data2\" content=\"2 minutes\" \/>\n<script type=\"application\/ld+json\" class=\"yoast-schema-graph\">{\"@context\":\"https:\/\/schema.org\",\"@graph\":[{\"@type\":\"Article\",\"@id\":\"https:\/\/www.edih-rheinland.eu\/ki-erfolgreich-im-unternehmen-umsetzen\/#article\",\"isPartOf\":{\"@id\":\"https:\/\/www.edih-rheinland.eu\/ki-erfolgreich-im-unternehmen-umsetzen\/\"},\"author\":{\"name\":\"EDIH Admin\",\"@id\":\"https:\/\/www.edih-rheinland.eu\/#\/schema\/person\/2aecbd1832889c9e9cdc02fb038782c0\"},\"headline\":\"KI erfolgreich im Unternehmen umsetzen\",\"datePublished\":\"2024-09-24T14:26:37+00:00\",\"dateModified\":\"2025-09-04T12:02:58+00:00\",\"mainEntityOfPage\":{\"@id\":\"https:\/\/www.edih-rheinland.eu\/ki-erfolgreich-im-unternehmen-umsetzen\/\"},\"wordCount\":5000,\"publisher\":{\"@id\":\"https:\/\/www.edih-rheinland.eu\/#organization\"},\"image\":{\"@id\":\"https:\/\/www.edih-rheinland.eu\/ki-erfolgreich-im-unternehmen-umsetzen\/#primaryimage\"},\"thumbnailUrl\":\"https:\/\/www.edih-rheinland.eu\/wp-content\/uploads\/2024\/09\/IVG_Logo_4c_gross-mit-weissen-Hintergrund.png\",\"keywords\":[\"Aachen\",\"Dissemination\",\"FIR\",\"heinsberg\",\"information\",\"Intelligenz\",\"KI\",\"kuenstliche intelligenz\",\"K\u00fcnstlich\",\"medizin\",\"Wegberg\",\"workshop\",\"WZL\"],\"articleSection\":[\"Veranstaltungen\"],\"inLanguage\":\"en-US\"},{\"@type\":\"WebPage\",\"@id\":\"https:\/\/www.edih-rheinland.eu\/ki-erfolgreich-im-unternehmen-umsetzen\/\",\"url\":\"https:\/\/www.edih-rheinland.eu\/ki-erfolgreich-im-unternehmen-umsetzen\/\",\"name\":\"KI erfolgreich im Unternehmen umsetzen - EDIH Rheinland\",\"isPartOf\":{\"@id\":\"https:\/\/www.edih-rheinland.eu\/#website\"},\"primaryImageOfPage\":{\"@id\":\"https:\/\/www.edih-rheinland.eu\/ki-erfolgreich-im-unternehmen-umsetzen\/#primaryimage\"},\"image\":{\"@id\":\"https:\/\/www.edih-rheinland.eu\/ki-erfolgreich-im-unternehmen-umsetzen\/#primaryimage\"},\"thumbnailUrl\":\"https:\/\/www.edih-rheinland.eu\/wp-content\/uploads\/2024\/09\/IVG_Logo_4c_gross-mit-weissen-Hintergrund.png\",\"datePublished\":\"2024-09-24T14:26:37+00:00\",\"dateModified\":\"2025-09-04T12:02:58+00:00\",\"description\":\"Workshop f\u00fcr KMUim Bereich des Innovat Valley Garzweiler, die an praxisnahen L\u00f6sungen f\u00fcr den Einsatz von KI interessiert sind\",\"breadcrumb\":{\"@id\":\"https:\/\/www.edih-rheinland.eu\/ki-erfolgreich-im-unternehmen-umsetzen\/#breadcrumb\"},\"inLanguage\":\"en-US\",\"potentialAction\":[{\"@type\":\"ReadAction\",\"target\":[\"https:\/\/www.edih-rheinland.eu\/ki-erfolgreich-im-unternehmen-umsetzen\/\"]}]},{\"@type\":\"ImageObject\",\"inLanguage\":\"en-US\",\"@id\":\"https:\/\/www.edih-rheinland.eu\/ki-erfolgreich-im-unternehmen-umsetzen\/#primaryimage\",\"url\":\"https:\/\/www.edih-rheinland.eu\/wp-content\/uploads\/2024\/09\/IVG_Logo_4c_gross-mit-weissen-Hintergrund.png\",\"contentUrl\":\"https:\/\/www.edih-rheinland.eu\/wp-content\/uploads\/2024\/09\/IVG_Logo_4c_gross-mit-weissen-Hintergrund.png\",\"width\":960,\"height\":346,\"caption\":\"Innovation Valley Garzweiler Graphik\"},{\"@type\":\"BreadcrumbList\",\"@id\":\"https:\/\/www.edih-rheinland.eu\/ki-erfolgreich-im-unternehmen-umsetzen\/#breadcrumb\",\"itemListElement\":[{\"@type\":\"ListItem\",\"position\":1,\"name\":\"Startseite\",\"item\":\"https:\/\/www.edih-rheinland.eu\/\"},{\"@type\":\"ListItem\",\"position\":2,\"name\":\"KI erfolgreich im Unternehmen umsetzen\"}]},{\"@type\":\"WebSite\",\"@id\":\"https:\/\/www.edih-rheinland.eu\/#website\",\"url\":\"https:\/\/www.edih-rheinland.eu\/\",\"name\":\"EDIH Rheinland\",\"description\":\"Ihr Zugang zu Kompetenzen, Wissen und Erfahrung\",\"publisher\":{\"@id\":\"https:\/\/www.edih-rheinland.eu\/#organization\"},\"potentialAction\":[{\"@type\":\"SearchAction\",\"target\":{\"@type\":\"EntryPoint\",\"urlTemplate\":\"https:\/\/www.edih-rheinland.eu\/?s={search_term_string}\"},\"query-input\":{\"@type\":\"PropertyValueSpecification\",\"valueRequired\":true,\"valueName\":\"search_term_string\"}}],\"inLanguage\":\"en-US\"},{\"@type\":\"Organization\",\"@id\":\"https:\/\/www.edih-rheinland.eu\/#organization\",\"name\":\"EDIH Rheinland\",\"url\":\"https:\/\/www.edih-rheinland.eu\/\",\"logo\":{\"@type\":\"ImageObject\",\"inLanguage\":\"en-US\",\"@id\":\"https:\/\/www.edih-rheinland.eu\/#\/schema\/logo\/image\/\",\"url\":\"https:\/\/www.edih-rheinland.eu\/wp-content\/uploads\/2023\/09\/EDIH-Logo_rgb.png\",\"contentUrl\":\"https:\/\/www.edih-rheinland.eu\/wp-content\/uploads\/2023\/09\/EDIH-Logo_rgb.png\",\"width\":2180,\"height\":639,\"caption\":\"EDIH Rheinland\"},\"image\":{\"@id\":\"https:\/\/www.edih-rheinland.eu\/#\/schema\/logo\/image\/\"},\"sameAs\":[\"https:\/\/www.linkedin.com\/company\/edih-rheinland\"]},{\"@type\":\"Person\",\"@id\":\"https:\/\/www.edih-rheinland.eu\/#\/schema\/person\/2aecbd1832889c9e9cdc02fb038782c0\",\"name\":\"EDIH Admin\",\"url\":\"https:\/\/www.edih-rheinland.eu\/en\/author\/edih-admin\/\"}]}<\/script>\n<!-- \/ Yoast SEO plugin. -->","yoast_head_json":{"title":"KI erfolgreich im Unternehmen umsetzen - EDIH Rheinland","description":"Workshop f\u00fcr KMUim Bereich des Innovat Valley Garzweiler, die an praxisnahen L\u00f6sungen f\u00fcr den Einsatz von KI interessiert sind","robots":{"index":"index","follow":"follow","max-snippet":"max-snippet:-1","max-image-preview":"max-image-preview:large","max-video-preview":"max-video-preview:-1"},"canonical":"https:\/\/www.edih-rheinland.eu\/en\/ki-erfolgreich-im-unternehmen-umsetzen\/","og_locale":"en_US","og_type":"article","og_title":"KI erfolgreich im Unternehmen umsetzen - EDIH Rheinland","og_description":"Workshop f\u00fcr KMUim Bereich des Innovat Valley Garzweiler, die an praxisnahen L\u00f6sungen f\u00fcr den Einsatz von KI interessiert sind","og_url":"https:\/\/www.edih-rheinland.eu\/en\/ki-erfolgreich-im-unternehmen-umsetzen\/","og_site_name":"EDIH Rheinland","article_published_time":"2024-09-24T14:26:37+00:00","article_modified_time":"2025-09-04T12:02:58+00:00","og_image":[{"width":960,"height":346,"url":"https:\/\/www.edih-rheinland.eu\/wp-content\/uploads\/2024\/09\/IVG_Logo_4c_gross-mit-weissen-Hintergrund.png","type":"image\/png"}],"author":"EDIH Admin","twitter_card":"summary_large_image","twitter_misc":{"Written by":"EDIH Admin","Est. reading time":"2 minutes"},"schema":{"@context":"https:\/\/schema.org","@graph":[{"@type":"Article","@id":"https:\/\/www.edih-rheinland.eu\/ki-erfolgreich-im-unternehmen-umsetzen\/#article","isPartOf":{"@id":"https:\/\/www.edih-rheinland.eu\/ki-erfolgreich-im-unternehmen-umsetzen\/"},"author":{"name":"EDIH Admin","@id":"https:\/\/www.edih-rheinland.eu\/#\/schema\/person\/2aecbd1832889c9e9cdc02fb038782c0"},"headline":"KI erfolgreich im Unternehmen umsetzen","datePublished":"2024-09-24T14:26:37+00:00","dateModified":"2025-09-04T12:02:58+00:00","mainEntityOfPage":{"@id":"https:\/\/www.edih-rheinland.eu\/ki-erfolgreich-im-unternehmen-umsetzen\/"},"wordCount":5000,"publisher":{"@id":"https:\/\/www.edih-rheinland.eu\/#organization"},"image":{"@id":"https:\/\/www.edih-rheinland.eu\/ki-erfolgreich-im-unternehmen-umsetzen\/#primaryimage"},"thumbnailUrl":"https:\/\/www.edih-rheinland.eu\/wp-content\/uploads\/2024\/09\/IVG_Logo_4c_gross-mit-weissen-Hintergrund.png","keywords":["Aachen","Dissemination","FIR","heinsberg","information","Intelligenz","KI","kuenstliche intelligenz","K\u00fcnstlich","medizin","Wegberg","workshop","WZL"],"articleSection":["Veranstaltungen"],"inLanguage":"en-US"},{"@type":"WebPage","@id":"https:\/\/www.edih-rheinland.eu\/ki-erfolgreich-im-unternehmen-umsetzen\/","url":"https:\/\/www.edih-rheinland.eu\/ki-erfolgreich-im-unternehmen-umsetzen\/","name":"KI erfolgreich im Unternehmen umsetzen - EDIH Rheinland","isPartOf":{"@id":"https:\/\/www.edih-rheinland.eu\/#website"},"primaryImageOfPage":{"@id":"https:\/\/www.edih-rheinland.eu\/ki-erfolgreich-im-unternehmen-umsetzen\/#primaryimage"},"image":{"@id":"https:\/\/www.edih-rheinland.eu\/ki-erfolgreich-im-unternehmen-umsetzen\/#primaryimage"},"thumbnailUrl":"https:\/\/www.edih-rheinland.eu\/wp-content\/uploads\/2024\/09\/IVG_Logo_4c_gross-mit-weissen-Hintergrund.png","datePublished":"2024-09-24T14:26:37+00:00","dateModified":"2025-09-04T12:02:58+00:00","description":"Workshop f\u00fcr KMUim Bereich des Innovat Valley Garzweiler, die an praxisnahen L\u00f6sungen f\u00fcr den Einsatz von KI interessiert sind","breadcrumb":{"@id":"https:\/\/www.edih-rheinland.eu\/ki-erfolgreich-im-unternehmen-umsetzen\/#breadcrumb"},"inLanguage":"en-US","potentialAction":[{"@type":"ReadAction","target":["https:\/\/www.edih-rheinland.eu\/ki-erfolgreich-im-unternehmen-umsetzen\/"]}]},{"@type":"ImageObject","inLanguage":"en-US","@id":"https:\/\/www.edih-rheinland.eu\/ki-erfolgreich-im-unternehmen-umsetzen\/#primaryimage","url":"https:\/\/www.edih-rheinland.eu\/wp-content\/uploads\/2024\/09\/IVG_Logo_4c_gross-mit-weissen-Hintergrund.png","contentUrl":"https:\/\/www.edih-rheinland.eu\/wp-content\/uploads\/2024\/09\/IVG_Logo_4c_gross-mit-weissen-Hintergrund.png","width":960,"height":346,"caption":"Innovation Valley Garzweiler Graphik"},{"@type":"BreadcrumbList","@id":"https:\/\/www.edih-rheinland.eu\/ki-erfolgreich-im-unternehmen-umsetzen\/#breadcrumb","itemListElement":[{"@type":"ListItem","position":1,"name":"Startseite","item":"https:\/\/www.edih-rheinland.eu\/"},{"@type":"ListItem","position":2,"name":"KI erfolgreich im Unternehmen umsetzen"}]},{"@type":"WebSite","@id":"https:\/\/www.edih-rheinland.eu\/#website","url":"https:\/\/www.edih-rheinland.eu\/","name":"EDIH Rheinland","description":"Ihr Zugang zu Kompetenzen, Wissen und Erfahrung","publisher":{"@id":"https:\/\/www.edih-rheinland.eu\/#organization"},"potentialAction":[{"@type":"SearchAction","target":{"@type":"EntryPoint","urlTemplate":"https:\/\/www.edih-rheinland.eu\/?s={search_term_string}"},"query-input":{"@type":"PropertyValueSpecification","valueRequired":true,"valueName":"search_term_string"}}],"inLanguage":"en-US"},{"@type":"Organization","@id":"https:\/\/www.edih-rheinland.eu\/#organization","name":"EDIH Rheinland","url":"https:\/\/www.edih-rheinland.eu\/","logo":{"@type":"ImageObject","inLanguage":"en-US","@id":"https:\/\/www.edih-rheinland.eu\/#\/schema\/logo\/image\/","url":"https:\/\/www.edih-rheinland.eu\/wp-content\/uploads\/2023\/09\/EDIH-Logo_rgb.png","contentUrl":"https:\/\/www.edih-rheinland.eu\/wp-content\/uploads\/2023\/09\/EDIH-Logo_rgb.png","width":2180,"height":639,"caption":"EDIH Rheinland"},"image":{"@id":"https:\/\/www.edih-rheinland.eu\/#\/schema\/logo\/image\/"},"sameAs":["https:\/\/www.linkedin.com\/company\/edih-rheinland"]},{"@type":"Person","@id":"https:\/\/www.edih-rheinland.eu\/#\/schema\/person\/2aecbd1832889c9e9cdc02fb038782c0","name":"EDIH Admin","url":"https:\/\/www.edih-rheinland.eu\/en\/author\/edih-admin\/"}]}},"_links":{"self":[{"href":"https:\/\/www.edih-rheinland.eu\/en\/wp-json\/wp\/v2\/posts\/2758","targetHints":{"allow":["GET"]}}],"collection":[{"href":"https:\/\/www.edih-rheinland.eu\/en\/wp-json\/wp\/v2\/posts"}],"about":[{"href":"https:\/\/www.edih-rheinland.eu\/en\/wp-json\/wp\/v2\/types\/post"}],"author":[{"embeddable":true,"href":"https:\/\/www.edih-rheinland.eu\/en\/wp-json\/wp\/v2\/users\/4"}],"replies":[{"embeddable":true,"href":"https:\/\/www.edih-rheinland.eu\/en\/wp-json\/wp\/v2\/comments?post=2758"}],"version-history":[{"count":6,"href":"https:\/\/www.edih-rheinland.eu\/en\/wp-json\/wp\/v2\/posts\/2758\/revisions"}],"predecessor-version":[{"id":2805,"href":"https:\/\/www.edih-rheinland.eu\/en\/wp-json\/wp\/v2\/posts\/2758\/revisions\/2805"}],"wp:featuredmedia":[{"embeddable":true,"href":"https:\/\/www.edih-rheinland.eu\/en\/wp-json\/wp\/v2\/media\/2762"}],"wp:attachment":[{"href":"https:\/\/www.edih-rheinland.eu\/en\/wp-json\/wp\/v2\/media?parent=2758"}],"wp:term":[{"taxonomy":"category","embeddable":true,"href":"https:\/\/www.edih-rheinland.eu\/en\/wp-json\/wp\/v2\/categories?post=2758"},{"taxonomy":"post_tag","embeddable":true,"href":"https:\/\/www.edih-rheinland.eu\/en\/wp-json\/wp\/v2\/tags?post=2758"}],"curies":[{"name":"wp","href":"https:\/\/api.w.org\/{rel}","templated":true}]}}